{"id":17605,"date":"2020-03-24T16:59:48","date_gmt":"2020-03-24T16:59:48","guid":{"rendered":"https:\/\/novo.umiberica.com\/pt\/?p=17605"},"modified":"2025-01-02T17:06:48","modified_gmt":"2025-01-02T17:06:48","slug":"novas-versoes-para-a-gama-renegade","status":"publish","type":"post","link":"https:\/\/umiberica.com\/pt\/noticias\/novas-versoes-para-a-gama-renegade\/","title":{"rendered":"Novas vers\u00f5es para a gama Renegade"},"content":{"rendered":"\n<p>Com a finalidade de <strong>aumentar a capacidade de armazenamento e conforto para o motociclista<\/strong>, a UM Motorcyles apresenta novas vers\u00f5es dos modelos \u201cRenegade Vegas 125\u201d e \u201cRenegade Commando 125\u201d com malas laterais e Top Case \u2013 estas vers\u00f5es (<strong>Grand Tourer: 2 malas laterais + Top Case<\/strong> \/ <strong>Tourer: 2 malas laterais<\/strong> \/ <strong>Urban: Top Case<\/strong>) s\u00e3o compostas por duas malas laterais SHAD SH23 (com capacidade de 23 litros) e top case SHAD SH34 (com capacidade de 34 litros). <\/p>\n\n\n\n<p>Com este n\u00edvel de equipamento, \u00e9 poss\u00edvel tornar as desloca\u00e7\u00f5es di\u00e1rias ainda mais confort\u00e1veis, como tamb\u00e9m ter o espa\u00e7o de armazenamento ideal para enfrentar as mais longas viagens, sozinho ou acompanhado. <\/p>\n\n\n\n<p>As <strong>novas vers\u00f5es<\/strong> da Renegade Vegas e Renegade Commando j\u00e1 se encontram dispon\u00edveis no mercado nacional <strong>a partir de 3.211,00\u20ac para a <a href=\"\/pt\/cruiser\/renegade-vegas\/\">Renegade Vegas<\/a> e de 2.920,00\u20ac para a <a href=\"\/pt\/cruiser\/renegade-commando\/\">Renegade Commando<\/a><\/strong>, iva inclu\u00eddo.<\/p>\n","protected":false},"excerpt":{"rendered":"<p>Com a finalidade de aumentar a capacidade de armazenamento e conforto para o motociclista, a UM Motorcyles apresenta novas vers\u00f5es<\/p>\n","protected":false},"author":2,"featured_media":17606,"comment_status":"closed","ping_status":"closed","sticky":false,"template":"","format":"standard","meta":{"footnotes":""},"categories":[1],"tags":[],"class_list":["post-17605","post","type-post","status-publish","format-standard","has-post-thumbnail","hentry","category-um-motorcycles"],"yoast_head":"<!-- This site is optimized with the Yoast SEO plugin v27.1.1 - https:\/\/yoast.com\/product\/yoast-seo-wordpress\/ -->\n<title>Novas vers\u00f5es para a gama Renegade - UM Motorcycles<\/title>\n<meta name=\"robots\" content=\"index, follow, max-snippet:-1, max-image-preview:large, max-video-preview:-1\" \/>\n<link rel=\"canonical\" href=\"https:\/\/umiberica.com\/pt\/noticias\/novas-versoes-para-a-gama-renegade\/\" \/>\n<meta property=\"og:locale\" content=\"pt_PT\" \/>\n<meta property=\"og:type\" content=\"article\" \/>\n<meta property=\"og:title\" content=\"Novas vers\u00f5es para a gama Renegade - UM Motorcycles\" \/>\n<meta property=\"og:description\" content=\"Com a finalidade de aumentar a capacidade de armazenamento e conforto para o motociclista, a UM Motorcyles apresenta novas vers\u00f5es\" \/>\n<meta property=\"og:url\" content=\"https:\/\/umiberica.com\/pt\/noticias\/novas-versoes-para-a-gama-renegade\/\" \/>\n<meta property=\"og:site_name\" content=\"UM Motorcycles\" \/>\n<meta property=\"article:publisher\" content=\"https:\/\/www.facebook.com\/umibericapt\/\" \/>\n<meta property=\"article:published_time\" content=\"2020-03-24T16:59:48+00:00\" \/>\n<meta property=\"article:modified_time\" content=\"2025-01-02T17:06:48+00:00\" \/>\n<meta property=\"og:image\" content=\"https:\/\/umiberica.com\/pt\/wp-content\/uploads\/2020\/03\/novas-versoes-renegade-facebook.jpg\" \/>\n\t<meta property=\"og:image:width\" content=\"1534\" \/>\n\t<meta property=\"og:image:height\" content=\"800\" \/>\n\t<meta property=\"og:image:type\" content=\"image\/jpeg\" \/>\n<meta name=\"author\" content=\"admin\" \/>\n<meta name=\"twitter:card\" content=\"summary_large_image\" \/>\n<meta name=\"twitter:label1\" content=\"Escrito por\" \/>\n\t<meta name=\"twitter:data1\" content=\"admin\" \/>\n\t<meta name=\"twitter:label2\" content=\"Tempo estimado de leitura\" \/>\n\t<meta name=\"twitter:data2\" content=\"1 minuto\" \/>\n<script type=\"application\/ld+json\" class=\"yoast-schema-graph\">{\"@context\":\"https:\/\/schema.org\",\"@graph\":[{\"@type\":\"Article\",\"@id\":\"https:\/\/umiberica.com\/pt\/noticias\/novas-versoes-para-a-gama-renegade\/#article\",\"isPartOf\":{\"@id\":\"https:\/\/umiberica.com\/pt\/noticias\/novas-versoes-para-a-gama-renegade\/\"},\"author\":{\"name\":\"admin\",\"@id\":\"https:\/\/umiberica.com\/pt\/#\/schema\/person\/35cf30498af72e456afed96f781980e1\"},\"headline\":\"Novas vers\u00f5es para a gama Renegade\",\"datePublished\":\"2020-03-24T16:59:48+00:00\",\"dateModified\":\"2025-01-02T17:06:48+00:00\",\"mainEntityOfPage\":{\"@id\":\"https:\/\/umiberica.com\/pt\/noticias\/novas-versoes-para-a-gama-renegade\/\"},\"wordCount\":149,\"publisher\":{\"@id\":\"https:\/\/umiberica.com\/pt\/#organization\"},\"image\":{\"@id\":\"https:\/\/umiberica.com\/pt\/noticias\/novas-versoes-para-a-gama-renegade\/#primaryimage\"},\"thumbnailUrl\":\"https:\/\/umiberica.com\/pt\/wp-content\/uploads\/2020\/03\/novas-versoes-renegade.jpg\",\"articleSection\":[\"UM Motorcycles geral\"],\"inLanguage\":\"pt-PT\"},{\"@type\":\"WebPage\",\"@id\":\"https:\/\/umiberica.com\/pt\/noticias\/novas-versoes-para-a-gama-renegade\/\",\"url\":\"https:\/\/umiberica.com\/pt\/noticias\/novas-versoes-para-a-gama-renegade\/\",\"name\":\"Novas vers\u00f5es para a gama Renegade - UM Motorcycles\",\"isPartOf\":{\"@id\":\"https:\/\/umiberica.com\/pt\/#website\"},\"primaryImageOfPage\":{\"@id\":\"https:\/\/umiberica.com\/pt\/noticias\/novas-versoes-para-a-gama-renegade\/#primaryimage\"},\"image\":{\"@id\":\"https:\/\/umiberica.com\/pt\/noticias\/novas-versoes-para-a-gama-renegade\/#primaryimage\"},\"thumbnailUrl\":\"https:\/\/umiberica.com\/pt\/wp-content\/uploads\/2020\/03\/novas-versoes-renegade.jpg\",\"datePublished\":\"2020-03-24T16:59:48+00:00\",\"dateModified\":\"2025-01-02T17:06:48+00:00\",\"breadcrumb\":{\"@id\":\"https:\/\/umiberica.com\/pt\/noticias\/novas-versoes-para-a-gama-renegade\/#breadcrumb\"},\"inLanguage\":\"pt-PT\",\"potentialAction\":[{\"@type\":\"ReadAction\",\"target\":[\"https:\/\/umiberica.com\/pt\/noticias\/novas-versoes-para-a-gama-renegade\/\"]}]},{\"@type\":\"ImageObject\",\"inLanguage\":\"pt-PT\",\"@id\":\"https:\/\/umiberica.com\/pt\/noticias\/novas-versoes-para-a-gama-renegade\/#primaryimage\",\"url\":\"https:\/\/umiberica.com\/pt\/wp-content\/uploads\/2020\/03\/novas-versoes-renegade.jpg\",\"contentUrl\":\"https:\/\/umiberica.com\/pt\/wp-content\/uploads\/2020\/03\/novas-versoes-renegade.jpg\",\"width\":1534,\"height\":800},{\"@type\":\"BreadcrumbList\",\"@id\":\"https:\/\/umiberica.com\/pt\/noticias\/novas-versoes-para-a-gama-renegade\/#breadcrumb\",\"itemListElement\":[{\"@type\":\"ListItem\",\"position\":1,\"name\":\"In\u00edcio\",\"item\":\"https:\/\/umiberica.com\/pt\/\"},{\"@type\":\"ListItem\",\"position\":2,\"name\":\"Novas vers\u00f5es para a gama Renegade\"}]},{\"@type\":\"WebSite\",\"@id\":\"https:\/\/umiberica.com\/pt\/#website\",\"url\":\"https:\/\/umiberica.com\/pt\/\",\"name\":\"UM Motorcycles\",\"description\":\"Rebeldes com uma causa distinta.\",\"publisher\":{\"@id\":\"https:\/\/umiberica.com\/pt\/#organization\"},\"potentialAction\":[{\"@type\":\"SearchAction\",\"target\":{\"@type\":\"EntryPoint\",\"urlTemplate\":\"https:\/\/umiberica.com\/pt\/?s={search_term_string}\"},\"query-input\":{\"@type\":\"PropertyValueSpecification\",\"valueRequired\":true,\"valueName\":\"search_term_string\"}}],\"inLanguage\":\"pt-PT\"},{\"@type\":\"Organization\",\"@id\":\"https:\/\/umiberica.com\/pt\/#organization\",\"name\":\"UM Motorcycles\",\"url\":\"https:\/\/umiberica.com\/pt\/\",\"logo\":{\"@type\":\"ImageObject\",\"inLanguage\":\"pt-PT\",\"@id\":\"https:\/\/umiberica.com\/pt\/#\/schema\/logo\/image\/\",\"url\":\"https:\/\/umiberica.com\/pt\/wp-content\/uploads\/2020\/03\/um-motorcycles-home-share-1.jpg\",\"contentUrl\":\"https:\/\/umiberica.com\/pt\/wp-content\/uploads\/2020\/03\/um-motorcycles-home-share-1.jpg\",\"width\":1534,\"height\":800,\"caption\":\"UM Motorcycles\"},\"image\":{\"@id\":\"https:\/\/umiberica.com\/pt\/#\/schema\/logo\/image\/\"},\"sameAs\":[\"https:\/\/www.facebook.com\/umibericapt\/\",\"https:\/\/www.instagram.com\/ummotorcycles_pt\/\"]},{\"@type\":\"Person\",\"@id\":\"https:\/\/umiberica.com\/pt\/#\/schema\/person\/35cf30498af72e456afed96f781980e1\",\"name\":\"admin\",\"url\":\"https:\/\/umiberica.com\/pt\/noticias\/author\/admin\/\"}]}<\/script>\n<!-- \/ Yoast SEO plugin. -->","yoast_head_json":{"title":"Novas vers\u00f5es para a gama Renegade - UM Motorcycles","robots":{"index":"index","follow":"follow","max-snippet":"max-snippet:-1","max-image-preview":"max-image-preview:large","max-video-preview":"max-video-preview:-1"},"canonical":"https:\/\/umiberica.com\/pt\/noticias\/novas-versoes-para-a-gama-renegade\/","og_locale":"pt_PT","og_type":"article","og_title":"Novas vers\u00f5es para a gama Renegade - UM Motorcycles","og_description":"Com a finalidade de aumentar a capacidade de armazenamento e conforto para o motociclista, a UM Motorcyles apresenta novas vers\u00f5es","og_url":"https:\/\/umiberica.com\/pt\/noticias\/novas-versoes-para-a-gama-renegade\/","og_site_name":"UM Motorcycles","article_publisher":"https:\/\/www.facebook.com\/umibericapt\/","article_published_time":"2020-03-24T16:59:48+00:00","article_modified_time":"2025-01-02T17:06:48+00:00","og_image":[{"width":1534,"height":800,"url":"https:\/\/umiberica.com\/pt\/wp-content\/uploads\/2020\/03\/novas-versoes-renegade-facebook.jpg","type":"image\/jpeg"}],"author":"admin","twitter_card":"summary_large_image","twitter_misc":{"Escrito por":"admin","Tempo estimado de leitura":"1 minuto"},"schema":{"@context":"https:\/\/schema.org","@graph":[{"@type":"Article","@id":"https:\/\/umiberica.com\/pt\/noticias\/novas-versoes-para-a-gama-renegade\/#article","isPartOf":{"@id":"https:\/\/umiberica.com\/pt\/noticias\/novas-versoes-para-a-gama-renegade\/"},"author":{"name":"admin","@id":"https:\/\/umiberica.com\/pt\/#\/schema\/person\/35cf30498af72e456afed96f781980e1"},"headline":"Novas vers\u00f5es para a gama Renegade","datePublished":"2020-03-24T16:59:48+00:00","dateModified":"2025-01-02T17:06:48+00:00","mainEntityOfPage":{"@id":"https:\/\/umiberica.com\/pt\/noticias\/novas-versoes-para-a-gama-renegade\/"},"wordCount":149,"publisher":{"@id":"https:\/\/umiberica.com\/pt\/#organization"},"image":{"@id":"https:\/\/umiberica.com\/pt\/noticias\/novas-versoes-para-a-gama-renegade\/#primaryimage"},"thumbnailUrl":"https:\/\/umiberica.com\/pt\/wp-content\/uploads\/2020\/03\/novas-versoes-renegade.jpg","articleSection":["UM Motorcycles geral"],"inLanguage":"pt-PT"},{"@type":"WebPage","@id":"https:\/\/umiberica.com\/pt\/noticias\/novas-versoes-para-a-gama-renegade\/","url":"https:\/\/umiberica.com\/pt\/noticias\/novas-versoes-para-a-gama-renegade\/","name":"Novas vers\u00f5es para a gama Renegade - UM Motorcycles","isPartOf":{"@id":"https:\/\/umiberica.com\/pt\/#website"},"primaryImageOfPage":{"@id":"https:\/\/umiberica.com\/pt\/noticias\/novas-versoes-para-a-gama-renegade\/#primaryimage"},"image":{"@id":"https:\/\/umiberica.com\/pt\/noticias\/novas-versoes-para-a-gama-renegade\/#primaryimage"},"thumbnailUrl":"https:\/\/umiberica.com\/pt\/wp-content\/uploads\/2020\/03\/novas-versoes-renegade.jpg","datePublished":"2020-03-24T16:59:48+00:00","dateModified":"2025-01-02T17:06:48+00:00","breadcrumb":{"@id":"https:\/\/umiberica.com\/pt\/noticias\/novas-versoes-para-a-gama-renegade\/#breadcrumb"},"inLanguage":"pt-PT","potentialAction":[{"@type":"ReadAction","target":["https:\/\/umiberica.com\/pt\/noticias\/novas-versoes-para-a-gama-renegade\/"]}]},{"@type":"ImageObject","inLanguage":"pt-PT","@id":"https:\/\/umiberica.com\/pt\/noticias\/novas-versoes-para-a-gama-renegade\/#primaryimage","url":"https:\/\/umiberica.com\/pt\/wp-content\/uploads\/2020\/03\/novas-versoes-renegade.jpg","contentUrl":"https:\/\/umiberica.com\/pt\/wp-content\/uploads\/2020\/03\/novas-versoes-renegade.jpg","width":1534,"height":800},{"@type":"BreadcrumbList","@id":"https:\/\/umiberica.com\/pt\/noticias\/novas-versoes-para-a-gama-renegade\/#breadcrumb","itemListElement":[{"@type":"ListItem","position":1,"name":"In\u00edcio","item":"https:\/\/umiberica.com\/pt\/"},{"@type":"ListItem","position":2,"name":"Novas vers\u00f5es para a gama Renegade"}]},{"@type":"WebSite","@id":"https:\/\/umiberica.com\/pt\/#website","url":"https:\/\/umiberica.com\/pt\/","name":"UM Motorcycles","description":"Rebeldes com uma causa distinta.","publisher":{"@id":"https:\/\/umiberica.com\/pt\/#organization"},"potentialAction":[{"@type":"SearchAction","target":{"@type":"EntryPoint","urlTemplate":"https:\/\/umiberica.com\/pt\/?s={search_term_string}"},"query-input":{"@type":"PropertyValueSpecification","valueRequired":true,"valueName":"search_term_string"}}],"inLanguage":"pt-PT"},{"@type":"Organization","@id":"https:\/\/umiberica.com\/pt\/#organization","name":"UM Motorcycles","url":"https:\/\/umiberica.com\/pt\/","logo":{"@type":"ImageObject","inLanguage":"pt-PT","@id":"https:\/\/umiberica.com\/pt\/#\/schema\/logo\/image\/","url":"https:\/\/umiberica.com\/pt\/wp-content\/uploads\/2020\/03\/um-motorcycles-home-share-1.jpg","contentUrl":"https:\/\/umiberica.com\/pt\/wp-content\/uploads\/2020\/03\/um-motorcycles-home-share-1.jpg","width":1534,"height":800,"caption":"UM Motorcycles"},"image":{"@id":"https:\/\/umiberica.com\/pt\/#\/schema\/logo\/image\/"},"sameAs":["https:\/\/www.facebook.com\/umibericapt\/","https:\/\/www.instagram.com\/ummotorcycles_pt\/"]},{"@type":"Person","@id":"https:\/\/umiberica.com\/pt\/#\/schema\/person\/35cf30498af72e456afed96f781980e1","name":"admin","url":"https:\/\/umiberica.com\/pt\/noticias\/author\/admin\/"}]}},"_links":{"self":[{"href":"https:\/\/umiberica.com\/pt\/wp-json\/wp\/v2\/posts\/17605","targetHints":{"allow":["GET"]}}],"collection":[{"href":"https:\/\/umiberica.com\/pt\/wp-json\/wp\/v2\/posts"}],"about":[{"href":"https:\/\/umiberica.com\/pt\/wp-json\/wp\/v2\/types\/post"}],"author":[{"embeddable":true,"href":"https:\/\/umiberica.com\/pt\/wp-json\/wp\/v2\/users\/2"}],"replies":[{"embeddable":true,"href":"https:\/\/umiberica.com\/pt\/wp-json\/wp\/v2\/comments?post=17605"}],"version-history":[{"count":1,"href":"https:\/\/umiberica.com\/pt\/wp-json\/wp\/v2\/posts\/17605\/revisions"}],"predecessor-version":[{"id":17608,"href":"https:\/\/umiberica.com\/pt\/wp-json\/wp\/v2\/posts\/17605\/revisions\/17608"}],"wp:featuredmedia":[{"embeddable":true,"href":"https:\/\/umiberica.com\/pt\/wp-json\/wp\/v2\/media\/17606"}],"wp:attachment":[{"href":"https:\/\/umiberica.com\/pt\/wp-json\/wp\/v2\/media?parent=17605"}],"wp:term":[{"taxonomy":"category","embeddable":true,"href":"https:\/\/umiberica.com\/pt\/wp-json\/wp\/v2\/categories?post=17605"},{"taxonomy":"post_tag","embeddable":true,"href":"https:\/\/umiberica.com\/pt\/wp-json\/wp\/v2\/tags?post=17605"}],"curies":[{"name":"wp","href":"https:\/\/api.w.org\/{rel}","templated":true}]}}